{"id":1,"date":"2025-07-03T14:37:51","date_gmt":"2025-07-03T14:37:51","guid":{"rendered":"https:\/\/artencost.rkinformatika.online\/?p=1"},"modified":"2025-10-03T14:15:08","modified_gmt":"2025-10-03T14:15:08","slug":"hello-world","status":"publish","type":"post","link":"https:\/\/artencost.com\/eu\/hello-world\/","title":{"rendered":"Toma de Medidas"},"content":{"rendered":"<p class=\"has-vivid-red-color has-text-color has-link-color wp-elements-65c2336a979ec202849acdbeccdf4763\" style=\"font-size:30px;line-height:1\"><strong>C\u00f3mo tomar medidas correctamente para tus prendas<\/strong><\/p>\n\n\n\n<p style=\"font-size:16px\">Aprender a tomar medidas de manera precisa es clave para que tus patrones y prendas queden perfectos, como hechos a medida. Antes de empezar, hay peque\u00f1os trucos y pasos que facilitan todo el proceso y aseguran que cada detalle se ajuste al cuerpo correctamente. Con atenci\u00f3n y pr\u00e1ctica, podr\u00e1s crear ropa que se vea y se sienta impecable.<br><\/p>\n\n\n<p><img decoding=\"async\" class=\"alignnone size-medium wp-image-468\" src=\"https:\/\/artencost.com\/wp-content\/uploads\/2025\/10\/PDF-239x300.png\" alt=\"\" width=\"29\" height=\"36\" srcset=\"https:\/\/artencost.com\/wp-content\/uploads\/2025\/10\/PDF-239x300.png 239w, https:\/\/artencost.com\/wp-content\/uploads\/2025\/10\/PDF-816x1024.png 816w, https:\/\/artencost.com\/wp-content\/uploads\/2025\/10\/PDF-768x964.png 768w, https:\/\/artencost.com\/wp-content\/uploads\/2025\/10\/PDF-10x12.png 10w, https:\/\/artencost.com\/wp-content\/uploads\/2025\/10\/PDF-600x753.png 600w, https:\/\/artencost.com\/wp-content\/uploads\/2025\/10\/PDF.png 1080w\" sizes=\"(max-width: 29px) 100vw, 29px\" \/><\/p>\n\n\n<p><\/p>\n\n<style>\n.custom-button {\n  background-color: #232253;\n  color: white;\n  border-radius: 8px;\n  font-size: 16px;\n  text-decoration: none;\n  display: inline-block;\n  padding: 10px 20px;\n  transition: background-color 0.3s;\n}\n\n.custom-button:hover {\n  background-color: #cccccc; \/* fundo cinza no hover *\/\n  color: white;\n}\n<\/style>\n\n<div class=\"wp-block-buttons\">\n  <div class=\"wp-block-button has-custom-width wp-block-button__width-30 is-style-fill\">\n    <a href=\"https:\/\/artencost.com\/wp-content\/uploads\/2025\/10\/3-articulo-toma-de-medidas.pdf\" target=\"_blank\" \n       class=\"custom-button\">\n       <strong>Toma de Medidas<\/strong>\n    <\/a>\n  <\/div>\n<\/div>\n<!-- \/wp:post-content -->","protected":false},"excerpt":{"rendered":"<p>C\u00f3mo tomar medidas correctamente para tus prendas Aprender a tomar medidas de manera precisa es clave para que tus patrones y prendas queden perfectos, como hechos a medida. Antes de empezar, hay peque\u00f1os trucos y pasos que facilitan todo el proceso y aseguran que cada detalle se ajuste al cuerpo correctamente. Con atenci\u00f3n y pr\u00e1ctica, [&hellip;]<\/p>\n","protected":false},"author":1,"featured_media":489,"comment_status":"open","ping_status":"closed","sticky":false,"template":"","format":"standard","meta":{"footnotes":""},"categories":[35],"tags":[],"class_list":["post-1","post","type-post","status-publish","format-standard","has-post-thumbnail","hentry","category-general"],"yoast_head":"<!-- This site is optimized with the Yoast SEO plugin v27.5 - https:\/\/yoast.com\/product\/yoast-seo-wordpress\/ -->\n<title>Toma de Medidas - ArtenCost<\/title>\n<meta name=\"robots\" content=\"index, follow, max-snippet:-1, max-image-preview:large, max-video-preview:-1\" \/>\n<link rel=\"canonical\" href=\"https:\/\/artencost.com\/eu\/hello-world\/\" \/>\n<meta property=\"og:locale\" content=\"en_US\" \/>\n<meta property=\"og:type\" content=\"article\" \/>\n<meta property=\"og:title\" content=\"Toma de Medidas - ArtenCost\" \/>\n<meta property=\"og:description\" content=\"C\u00f3mo tomar medidas correctamente para tus prendas Aprender a tomar medidas de manera precisa es clave para que tus patrones y prendas queden perfectos, como hechos a medida. Antes de empezar, hay peque\u00f1os trucos y pasos que facilitan todo el proceso y aseguran que cada detalle se ajuste al cuerpo correctamente. Con atenci\u00f3n y pr\u00e1ctica, [&hellip;]\" \/>\n<meta property=\"og:url\" content=\"https:\/\/artencost.com\/eu\/hello-world\/\" \/>\n<meta property=\"og:site_name\" content=\"ArtenCost\" \/>\n<meta property=\"article:author\" content=\"https:\/\/facebook.com\/agujaydedal.trapaagaran\" \/>\n<meta property=\"article:published_time\" content=\"2025-07-03T14:37:51+00:00\" \/>\n<meta property=\"article:modified_time\" content=\"2025-10-03T14:15:08+00:00\" \/>\n<meta property=\"og:image\" content=\"https:\/\/artencost.com\/wp-content\/uploads\/2025\/07\/2-toma-de-medidas-para-blog-diseno.png\" \/>\n\t<meta property=\"og:image:width\" content=\"1080\" \/>\n\t<meta property=\"og:image:height\" content=\"1350\" \/>\n\t<meta property=\"og:image:type\" content=\"image\/png\" \/>\n<meta name=\"author\" content=\"admin\" \/>\n<meta name=\"twitter:card\" content=\"summary_large_image\" \/>\n<meta name=\"twitter:label1\" content=\"Written by\" \/>\n\t<meta name=\"twitter:data1\" content=\"admin\" \/>\n\t<meta name=\"twitter:label2\" content=\"Est. reading time\" \/>\n\t<meta name=\"twitter:data2\" content=\"1 minutua\" \/>\n<script type=\"application\/ld+json\" class=\"yoast-schema-graph\">{\"@context\":\"https:\\\/\\\/schema.org\",\"@graph\":[{\"@type\":\"Article\",\"@id\":\"https:\\\/\\\/artencost.com\\\/hello-world\\\/#article\",\"isPartOf\":{\"@id\":\"https:\\\/\\\/artencost.com\\\/hello-world\\\/\"},\"author\":{\"name\":\"admin\",\"@id\":\"https:\\\/\\\/artencost.com\\\/#\\\/schema\\\/person\\\/e7d32474f223bca0c1b23f94ab2d369a\"},\"headline\":\"Toma de Medidas\",\"datePublished\":\"2025-07-03T14:37:51+00:00\",\"dateModified\":\"2025-10-03T14:15:08+00:00\",\"mainEntityOfPage\":{\"@id\":\"https:\\\/\\\/artencost.com\\\/hello-world\\\/\"},\"wordCount\":76,\"commentCount\":1,\"publisher\":{\"@id\":\"https:\\\/\\\/artencost.com\\\/#organization\"},\"image\":{\"@id\":\"https:\\\/\\\/artencost.com\\\/hello-world\\\/#primaryimage\"},\"thumbnailUrl\":\"https:\\\/\\\/artencost.com\\\/wp-content\\\/uploads\\\/2025\\\/07\\\/2-toma-de-medidas-para-blog-diseno.png\",\"articleSection\":[\"General\"],\"inLanguage\":\"eu\",\"potentialAction\":[{\"@type\":\"CommentAction\",\"name\":\"Comment\",\"target\":[\"https:\\\/\\\/artencost.com\\\/hello-world\\\/#respond\"]}]},{\"@type\":\"WebPage\",\"@id\":\"https:\\\/\\\/artencost.com\\\/hello-world\\\/\",\"url\":\"https:\\\/\\\/artencost.com\\\/hello-world\\\/\",\"name\":\"Toma de Medidas - ArtenCost\",\"isPartOf\":{\"@id\":\"https:\\\/\\\/artencost.com\\\/#website\"},\"primaryImageOfPage\":{\"@id\":\"https:\\\/\\\/artencost.com\\\/hello-world\\\/#primaryimage\"},\"image\":{\"@id\":\"https:\\\/\\\/artencost.com\\\/hello-world\\\/#primaryimage\"},\"thumbnailUrl\":\"https:\\\/\\\/artencost.com\\\/wp-content\\\/uploads\\\/2025\\\/07\\\/2-toma-de-medidas-para-blog-diseno.png\",\"datePublished\":\"2025-07-03T14:37:51+00:00\",\"dateModified\":\"2025-10-03T14:15:08+00:00\",\"breadcrumb\":{\"@id\":\"https:\\\/\\\/artencost.com\\\/hello-world\\\/#breadcrumb\"},\"inLanguage\":\"eu\",\"potentialAction\":[{\"@type\":\"ReadAction\",\"target\":[\"https:\\\/\\\/artencost.com\\\/hello-world\\\/\"]}]},{\"@type\":\"ImageObject\",\"inLanguage\":\"eu\",\"@id\":\"https:\\\/\\\/artencost.com\\\/hello-world\\\/#primaryimage\",\"url\":\"https:\\\/\\\/artencost.com\\\/wp-content\\\/uploads\\\/2025\\\/07\\\/2-toma-de-medidas-para-blog-diseno.png\",\"contentUrl\":\"https:\\\/\\\/artencost.com\\\/wp-content\\\/uploads\\\/2025\\\/07\\\/2-toma-de-medidas-para-blog-diseno.png\",\"width\":1080,\"height\":1350},{\"@type\":\"BreadcrumbList\",\"@id\":\"https:\\\/\\\/artencost.com\\\/hello-world\\\/#breadcrumb\",\"itemListElement\":[{\"@type\":\"ListItem\",\"position\":1,\"name\":\"Portada\",\"item\":\"https:\\\/\\\/artencost.com\\\/\"},{\"@type\":\"ListItem\",\"position\":2,\"name\":\"Toma de Medidas\"}]},{\"@type\":\"WebSite\",\"@id\":\"https:\\\/\\\/artencost.com\\\/#website\",\"url\":\"https:\\\/\\\/artencost.com\\\/\",\"name\":\"ArtenCost\",\"description\":\"\",\"publisher\":{\"@id\":\"https:\\\/\\\/artencost.com\\\/#organization\"},\"potentialAction\":[{\"@type\":\"SearchAction\",\"target\":{\"@type\":\"EntryPoint\",\"urlTemplate\":\"https:\\\/\\\/artencost.com\\\/?s={search_term_string}\"},\"query-input\":{\"@type\":\"PropertyValueSpecification\",\"valueRequired\":true,\"valueName\":\"search_term_string\"}}],\"inLanguage\":\"eu\"},{\"@type\":\"Organization\",\"@id\":\"https:\\\/\\\/artencost.com\\\/#organization\",\"name\":\"ArtenCost\",\"url\":\"https:\\\/\\\/artencost.com\\\/\",\"logo\":{\"@type\":\"ImageObject\",\"inLanguage\":\"eu\",\"@id\":\"https:\\\/\\\/artencost.com\\\/#\\\/schema\\\/logo\\\/image\\\/\",\"url\":\"https:\\\/\\\/artencost.com\\\/wp-content\\\/uploads\\\/2025\\\/07\\\/cropped-Artncost-Logo_Mesa-de-trabajo-1.png\",\"contentUrl\":\"https:\\\/\\\/artencost.com\\\/wp-content\\\/uploads\\\/2025\\\/07\\\/cropped-Artncost-Logo_Mesa-de-trabajo-1.png\",\"width\":1080,\"height\":1080,\"caption\":\"ArtenCost \"},\"image\":{\"@id\":\"https:\\\/\\\/artencost.com\\\/#\\\/schema\\\/logo\\\/image\\\/\"}},{\"@type\":\"Person\",\"@id\":\"https:\\\/\\\/artencost.com\\\/#\\\/schema\\\/person\\\/e7d32474f223bca0c1b23f94ab2d369a\",\"name\":\"admin\",\"image\":{\"@type\":\"ImageObject\",\"inLanguage\":\"eu\",\"@id\":\"https:\\\/\\\/secure.gravatar.com\\\/avatar\\\/f2ca774fea9c7641cc05fbc2171c6da3c4cc8af6350d23a15a009fdc6c104ed3?s=96&d=mm&r=g\",\"url\":\"https:\\\/\\\/secure.gravatar.com\\\/avatar\\\/f2ca774fea9c7641cc05fbc2171c6da3c4cc8af6350d23a15a009fdc6c104ed3?s=96&d=mm&r=g\",\"contentUrl\":\"https:\\\/\\\/secure.gravatar.com\\\/avatar\\\/f2ca774fea9c7641cc05fbc2171c6da3c4cc8af6350d23a15a009fdc6c104ed3?s=96&d=mm&r=g\",\"caption\":\"admin\"},\"sameAs\":[\"https:\\\/\\\/artencost.com\",\"https:\\\/\\\/facebook.com\\\/agujaydedal.trapaagaran\",\"https:\\\/\\\/www.instagram.com\\\/artcost_barakaldo\\\/\"],\"url\":\"https:\\\/\\\/artencost.com\\\/eu\\\/author\\\/artencost\\\/\"}]}<\/script>\n<!-- \/ Yoast SEO plugin. -->","yoast_head_json":{"title":"Toma de Medidas - ArtenCost","robots":{"index":"index","follow":"follow","max-snippet":"max-snippet:-1","max-image-preview":"max-image-preview:large","max-video-preview":"max-video-preview:-1"},"canonical":"https:\/\/artencost.com\/eu\/hello-world\/","og_locale":"en_US","og_type":"article","og_title":"Toma de Medidas - ArtenCost","og_description":"C\u00f3mo tomar medidas correctamente para tus prendas Aprender a tomar medidas de manera precisa es clave para que tus patrones y prendas queden perfectos, como hechos a medida. Antes de empezar, hay peque\u00f1os trucos y pasos que facilitan todo el proceso y aseguran que cada detalle se ajuste al cuerpo correctamente. Con atenci\u00f3n y pr\u00e1ctica, [&hellip;]","og_url":"https:\/\/artencost.com\/eu\/hello-world\/","og_site_name":"ArtenCost","article_author":"https:\/\/facebook.com\/agujaydedal.trapaagaran","article_published_time":"2025-07-03T14:37:51+00:00","article_modified_time":"2025-10-03T14:15:08+00:00","og_image":[{"width":1080,"height":1350,"url":"https:\/\/artencost.com\/wp-content\/uploads\/2025\/07\/2-toma-de-medidas-para-blog-diseno.png","type":"image\/png"}],"author":"admin","twitter_card":"summary_large_image","twitter_misc":{"Written by":"admin","Est. reading time":"1 minutua"},"schema":{"@context":"https:\/\/schema.org","@graph":[{"@type":"Article","@id":"https:\/\/artencost.com\/hello-world\/#article","isPartOf":{"@id":"https:\/\/artencost.com\/hello-world\/"},"author":{"name":"admin","@id":"https:\/\/artencost.com\/#\/schema\/person\/e7d32474f223bca0c1b23f94ab2d369a"},"headline":"Toma de Medidas","datePublished":"2025-07-03T14:37:51+00:00","dateModified":"2025-10-03T14:15:08+00:00","mainEntityOfPage":{"@id":"https:\/\/artencost.com\/hello-world\/"},"wordCount":76,"commentCount":1,"publisher":{"@id":"https:\/\/artencost.com\/#organization"},"image":{"@id":"https:\/\/artencost.com\/hello-world\/#primaryimage"},"thumbnailUrl":"https:\/\/artencost.com\/wp-content\/uploads\/2025\/07\/2-toma-de-medidas-para-blog-diseno.png","articleSection":["General"],"inLanguage":"eu","potentialAction":[{"@type":"CommentAction","name":"Comment","target":["https:\/\/artencost.com\/hello-world\/#respond"]}]},{"@type":"WebPage","@id":"https:\/\/artencost.com\/hello-world\/","url":"https:\/\/artencost.com\/hello-world\/","name":"Toma de Medidas - ArtenCost","isPartOf":{"@id":"https:\/\/artencost.com\/#website"},"primaryImageOfPage":{"@id":"https:\/\/artencost.com\/hello-world\/#primaryimage"},"image":{"@id":"https:\/\/artencost.com\/hello-world\/#primaryimage"},"thumbnailUrl":"https:\/\/artencost.com\/wp-content\/uploads\/2025\/07\/2-toma-de-medidas-para-blog-diseno.png","datePublished":"2025-07-03T14:37:51+00:00","dateModified":"2025-10-03T14:15:08+00:00","breadcrumb":{"@id":"https:\/\/artencost.com\/hello-world\/#breadcrumb"},"inLanguage":"eu","potentialAction":[{"@type":"ReadAction","target":["https:\/\/artencost.com\/hello-world\/"]}]},{"@type":"ImageObject","inLanguage":"eu","@id":"https:\/\/artencost.com\/hello-world\/#primaryimage","url":"https:\/\/artencost.com\/wp-content\/uploads\/2025\/07\/2-toma-de-medidas-para-blog-diseno.png","contentUrl":"https:\/\/artencost.com\/wp-content\/uploads\/2025\/07\/2-toma-de-medidas-para-blog-diseno.png","width":1080,"height":1350},{"@type":"BreadcrumbList","@id":"https:\/\/artencost.com\/hello-world\/#breadcrumb","itemListElement":[{"@type":"ListItem","position":1,"name":"Portada","item":"https:\/\/artencost.com\/"},{"@type":"ListItem","position":2,"name":"Toma de Medidas"}]},{"@type":"WebSite","@id":"https:\/\/artencost.com\/#website","url":"https:\/\/artencost.com\/","name":"ArtenCost","description":"","publisher":{"@id":"https:\/\/artencost.com\/#organization"},"potentialAction":[{"@type":"SearchAction","target":{"@type":"EntryPoint","urlTemplate":"https:\/\/artencost.com\/?s={search_term_string}"},"query-input":{"@type":"PropertyValueSpecification","valueRequired":true,"valueName":"search_term_string"}}],"inLanguage":"eu"},{"@type":"Organization","@id":"https:\/\/artencost.com\/#organization","name":"ArtenCost","url":"https:\/\/artencost.com\/","logo":{"@type":"ImageObject","inLanguage":"eu","@id":"https:\/\/artencost.com\/#\/schema\/logo\/image\/","url":"https:\/\/artencost.com\/wp-content\/uploads\/2025\/07\/cropped-Artncost-Logo_Mesa-de-trabajo-1.png","contentUrl":"https:\/\/artencost.com\/wp-content\/uploads\/2025\/07\/cropped-Artncost-Logo_Mesa-de-trabajo-1.png","width":1080,"height":1080,"caption":"ArtenCost "},"image":{"@id":"https:\/\/artencost.com\/#\/schema\/logo\/image\/"}},{"@type":"Person","@id":"https:\/\/artencost.com\/#\/schema\/person\/e7d32474f223bca0c1b23f94ab2d369a","name":"admin","image":{"@type":"ImageObject","inLanguage":"eu","@id":"https:\/\/secure.gravatar.com\/avatar\/f2ca774fea9c7641cc05fbc2171c6da3c4cc8af6350d23a15a009fdc6c104ed3?s=96&d=mm&r=g","url":"https:\/\/secure.gravatar.com\/avatar\/f2ca774fea9c7641cc05fbc2171c6da3c4cc8af6350d23a15a009fdc6c104ed3?s=96&d=mm&r=g","contentUrl":"https:\/\/secure.gravatar.com\/avatar\/f2ca774fea9c7641cc05fbc2171c6da3c4cc8af6350d23a15a009fdc6c104ed3?s=96&d=mm&r=g","caption":"admin"},"sameAs":["https:\/\/artencost.com","https:\/\/facebook.com\/agujaydedal.trapaagaran","https:\/\/www.instagram.com\/artcost_barakaldo\/"],"url":"https:\/\/artencost.com\/eu\/author\/artencost\/"}]}},"_links":{"self":[{"href":"https:\/\/artencost.com\/eu\/wp-json\/wp\/v2\/posts\/1","targetHints":{"allow":["GET"]}}],"collection":[{"href":"https:\/\/artencost.com\/eu\/wp-json\/wp\/v2\/posts"}],"about":[{"href":"https:\/\/artencost.com\/eu\/wp-json\/wp\/v2\/types\/post"}],"author":[{"embeddable":true,"href":"https:\/\/artencost.com\/eu\/wp-json\/wp\/v2\/users\/1"}],"replies":[{"embeddable":true,"href":"https:\/\/artencost.com\/eu\/wp-json\/wp\/v2\/comments?post=1"}],"version-history":[{"count":37,"href":"https:\/\/artencost.com\/eu\/wp-json\/wp\/v2\/posts\/1\/revisions"}],"predecessor-version":[{"id":549,"href":"https:\/\/artencost.com\/eu\/wp-json\/wp\/v2\/posts\/1\/revisions\/549"}],"wp:featuredmedia":[{"embeddable":true,"href":"https:\/\/artencost.com\/eu\/wp-json\/wp\/v2\/media\/489"}],"wp:attachment":[{"href":"https:\/\/artencost.com\/eu\/wp-json\/wp\/v2\/media?parent=1"}],"wp:term":[{"taxonomy":"category","embeddable":true,"href":"https:\/\/artencost.com\/eu\/wp-json\/wp\/v2\/categories?post=1"},{"taxonomy":"post_tag","embeddable":true,"href":"https:\/\/artencost.com\/eu\/wp-json\/wp\/v2\/tags?post=1"}],"curies":[{"name":"wp","href":"https:\/\/api.w.org\/{rel}","templated":true}]}}